{"id":30116,"date":"2023-05-31T07:28:00","date_gmt":"2023-05-31T05:28:00","guid":{"rendered":"https:\/\/de.mycs.com\/blog\/?p=30116"},"modified":"2023-05-31T15:16:04","modified_gmt":"2023-05-31T13:16:04","slug":"etagere-moderne","status":"publish","type":"post","link":"https:\/\/fr.mycs.com\/blog\/etagere-moderne\/","title":{"rendered":"L\u2019\u00e9tag\u00e8re moderne : l\u2019amie des maisons contemporaines"},"content":{"rendered":"\n<p class=\"has-drop-cap\">La <a href=\"https:\/\/fr.mycs.com\/blog\/decoration-moderne\/\" target=\"_blank\" rel=\"noopener\">d\u00e9coration moderne<\/a> se caract\u00e9rise par un subtil m\u00e9lange entre une esth\u00e9tique \u00e9pur\u00e9e, un design fonctionnel et un am\u00e9nagement soign\u00e9. \u00c0 la fois polyvalentes et design, les \u00e9tag\u00e8res modernes sont des incontournables des int\u00e9rieurs contemporains. D\u00e9couvrez leurs caract\u00e9ristiques, leurs fonctionnalit\u00e9s et comment elles peuvent transformer votre espace de vie.<\/p>\n\n\n\n<h2 class=\"wp-block-heading\" id=\"0-designs-epures-et-minimalistes-la-simplicite-a-lhonneur-\"><strong>Designs \u00e9pur\u00e9s et minimalistes : la simplicit\u00e9 \u00e0 l&#8217;honneur<\/strong><\/h2>\n\n\n\n<p><a href=\"https:\/\/fr.mycs.com\/blog\/decoration-minimaliste\/\" target=\"_blank\" rel=\"noopener\">Le minimalisme<\/a> est la r\u00e8gle d&#8217;or dans les int\u00e9rieurs contemporains, et les \u00e9tag\u00e8res modernes incarnent parfaitement cette approche du design.<strong> Avec leur style \u00e9pur\u00e9, ces meubles cr\u00e9ent une impression de l\u00e9g\u00e8ret\u00e9 visuelle<\/strong>, donnant de la clart\u00e9 et du volume \u00e0 votre espace. Les lignes simples et les formes g\u00e9om\u00e9triques, caract\u00e9ristiques de ces meubles, assurent un \u00e9quilibre harmonieux entre la forme et la fonction.<\/p>\n\n\n\n<h2 class=\"wp-block-heading\" id=\"1-rangement-ouvert-et-aere-mettez-vos-tresors-en-valeur-\"><strong>Rangement ouvert et a\u00e9r\u00e9 : mettez vos tr\u00e9sors en valeur<\/strong><\/h2>\n\n\n\n<p>Fini le temps des rangements encombrants et ferm\u00e9s qui cachaient tous vos objets pr\u00e9f\u00e9r\u00e9s. <strong>Avec leur design ouvert, les \u00e9tag\u00e8res modernes vous permettent de mettre en valeur vos objets.<\/strong> Les \u00e9tag\u00e8res flottantes apportent de la l\u00e9g\u00e8ret\u00e9, donnant l&#8217;impression que les objets sont suspendus dans l&#8217;air.&nbsp;<\/p>\n\n\n\n<p>Une <a href=\"https:\/\/fr.mycs.com\/etageres\/etageres-murales\" target=\"_blank\" rel=\"noopener\">\u00e9tag\u00e8re murale au design moderne<\/a> et aux formes minimalistes constitue une solution de rangement pratique, tout en permettant la mise en \u0153uvre d\u2019une d\u00e9coration. Quant aux syst\u00e8mes d&#8217;\u00e9tag\u00e8res modulaires, <strong>leur flexibilit\u00e9 offre des options de personnalisation pour adapter la configuration \u00e0 vos besoins<\/strong>, vos go\u00fbts et \u00e0 l\u2019espace.<\/p>\n\n\n\n<h2 class=\"wp-block-heading\" id=\"2-eclairage-integre-coup-de-projecteur-sur-votre-style-\"><strong>\u00c9clairage int\u00e9gr\u00e9 : coup de projecteur sur votre style<\/strong><\/h2>\n\n\n\n<p>L&#8217;\u00e9clairage joue un r\u00f4le crucial en d\u00e9coration int\u00e9rieure. Les \u00e9tag\u00e8res modernes vont encore plus loin en int\u00e9grant des \u00e9l\u00e9ments d&#8217;\u00e9clairage dans leur structure. Des bandes LED ou des lumi\u00e8res encastr\u00e9es peuvent \u00eatre incorpor\u00e9es afin de cr\u00e9er une ambiance chaleureuse. L&#8217;\u00e9clairage permet non seulement de mettre en valeur les objets expos\u00e9s mais \u00e9galement de cr\u00e9er un point focal pour renforcer le caract\u00e8re de la pi\u00e8ce.<\/p>\n\n\n\n<h2 class=\"wp-block-heading\" id=\"3-des-combinaisons-de-materiaux-une-gamme-de-textures-\"><strong>Des combinaisons de mat\u00e9riaux : une gamme de textures<\/strong><\/h2>\n\n\n\n<p><strong>Les \u00e9tag\u00e8res modernes sont fabriqu\u00e9es \u00e0 partir d&#8217;une grande vari\u00e9t\u00e9 de mat\u00e9riaux qui renforcent leur style contemporain<\/strong>. Des structures en m\u00e9tal \u00e9pur\u00e9, par exemple en acier inoxydable bross\u00e9 ou en fer forg\u00e9 noirci, donnent <a href=\"https:\/\/fr.mycs.com\/blog\/deco-industrielle-chic\/\" target=\"_blank\" rel=\"noopener\">une \u00e9l\u00e9gance industrielle<\/a> \u00e0 l&#8217;ensemble. Les \u00e9tag\u00e8res en verre tremp\u00e9 apportent une touche de sophistication et de transparence, cr\u00e9ant une sensation de l\u00e9g\u00e8ret\u00e9 et d&#8217;ouverture.&nbsp;<\/p>\n\n\n\n<p>Les \u00e9tag\u00e8res color\u00e9es, \u00e0 l&#8217;esth\u00e9tique sobre, ajoutent une touche de modernit\u00e9 \u00e0 l&#8217;espace. Enfin, les \u00e9tag\u00e8res en bois ont un charme chaleureux et organique, qui donne \u00e0 la pi\u00e8ce un caract\u00e8re naturel. Le choix des mat\u00e9riaux est crucial pour s&#8217;assurer que les \u00e9tag\u00e8res modernes s&#8217;harmonisent avec le style g\u00e9n\u00e9ral d&#8217;un espace contemporain, en rehaussant son impact visuel.<\/p>\n\n\n\n<h2 class=\"wp-block-heading\" id=\"4-des-rangements-fonctionnels-et-caches-bye-bye-le-desordre-\"><strong>Des rangements fonctionnels et cach\u00e9s : bye, bye le d\u00e9sordre<\/strong><\/h2>\n\n\n\n<p>Si les \u00e9tag\u00e8res modernes excellent dans la mise en valeur de vos tr\u00e9sors,<strong> elles offrent \u00e9galement des options de rangement fonctionnelles pour dissimuler le d\u00e9sordre<\/strong>. Certaines \u00e9tag\u00e8res sont dot\u00e9es de compartiments ou de tiroirs cach\u00e9s, ce qui permet d&#8217;allier harmonieusement style et praticit\u00e9. Cette combinaison astucieuse vous permet de maintenir votre espace de vie organis\u00e9 tout en ayant \u00e0 port\u00e9e de main les objets indispensables \u00e0 la vie de tous les jours.<\/p>\n\n\n<div class=\"wp-block-image\">\n<figure class=\"aligncenter size-large\"><img decoding=\"async\" loading=\"lazy\" width=\"608\" height=\"342\" src=\"https:\/\/de.mycs.com\/blog\/wp-content\/uploads\/2023\/05\/stairs_1600x900_2-608x342.jpg\" alt=\"Deux \u00e9tag\u00e8res escalier grises, blanches et en bois adapt\u00e9es \u00e0 la hauteur et \u00e0 l'inclinaison d'un plafond en pente.\" class=\"wp-image-30121\" srcset=\"https:\/\/fr.mycs.com\/blog\/wp-content\/uploads\/2023\/05\/stairs_1600x900_2-608x342.jpg 608w, https:\/\/fr.mycs.com\/blog\/wp-content\/uploads\/2023\/05\/stairs_1600x900_2-260x146.jpg 260w, https:\/\/fr.mycs.com\/blog\/wp-content\/uploads\/2023\/05\/stairs_1600x900_2-768x432.jpg 768w, https:\/\/fr.mycs.com\/blog\/wp-content\/uploads\/2023\/05\/stairs_1600x900_2-1536x864.jpg 1536w, https:\/\/fr.mycs.com\/blog\/wp-content\/uploads\/2023\/05\/stairs_1600x900_2.jpg 1600w\" sizes=\"(max-width: 608px) 100vw, 608px\" \/><\/figure><\/div>\n\n\n<h2 class=\"wp-block-heading\" id=\"5-des-configurations-flexibles-exploitez-tous-les-recoins-\"><strong>Des configurations flexibles : exploitez tous les recoins<\/strong><\/h2>\n\n\n\n<p><strong>Les \u00e9tag\u00e8res modernes sont con\u00e7ues pour optimiser chaque centim\u00e8tre de votre espace de vie. <\/strong>Qu&#8217;il s&#8217;agisse d&#8217;installations du sol au plafond ou d&#8217;unit\u00e9s d&#8217;angle, ces \u00e9tag\u00e8res peuvent \u00eatre plac\u00e9es dans des endroits atypiques, optimisant ainsi des espaces auparavant sous-utilis\u00e9s. Que vous souhaitiez transformer un mur vide, cr\u00e9er un coin lecture confortable ou exploiter <a href=\"https:\/\/fr.mycs.com\/etageres\/etageres-escalier\" target=\"_blank\" rel=\"noopener\">l\u2019espace sous un escalie<\/a>r, les \u00e9tag\u00e8res modernes offrent des possibilit\u00e9s infinies pour r\u00e9imaginer votre int\u00e9rieur.<\/p>\n\n\n\n<h2 class=\"wp-block-heading\" id=\"6-des-utilisations-polyvalentes-a-leur-place-dans-toutes-les-pieces-\"><strong>Des utilisations polyvalentes : \u00e0 leur place dans toutes les pi\u00e8ces<\/strong><\/h2>\n\n\n\n<p>Les \u00e9tag\u00e8res modernes s&#8217;int\u00e8grent parfaitement dans <a href=\"https:\/\/fr.mycs.com\/blog\/maison-moderne-interieur\/\" target=\"_blank\" aria-label=\"toutes les pi\u00e8ces de la maison (opens in a new tab)\" rel=\"noreferrer noopener\" class=\"ek-link\">toutes les pi\u00e8ces de la maison<\/a>. Dans le salon, elles peuvent \u00eatre utilis\u00e9es pour mettre en valeur une collection de livres ou pour organiser de mani\u00e8re optimale un \u00e9quipement multim\u00e9dia. Dans la cuisine, elles se transforment en des solutions de rangement pratiques et esth\u00e9tiques pour ranger vos livres de cuisine et vos ustensiles. Si vous avez un bureau \u00e0 la maison, une \u00e9tag\u00e8re au design moderne apportera des espaces de rangement pour bien vous organiser, sans pour autant surcharger visuellement l\u2019espace.<\/p>\n\n\n\n<h2 class=\"wp-block-heading\" id=\"7-donnez-du-style-a-votre-espace-avec-des-etageres-modernes-\"><strong>Donnez du style \u00e0 votre espace avec des \u00e9tag\u00e8res modernes<\/strong><\/h2>\n\n\n\n<p>Avec leur design \u00e9pur\u00e9, leurs fonctionnalit\u00e9s polyvalentes et leur combinaison de mat\u00e9riaux, <strong>les \u00e9tag\u00e8res modernes sont un meuble essentiel des int\u00e9rieurs \u00e0 l\u2019am\u00e9nagement contemporain<\/strong>. Elles associent forme et fonction dans un design simple et esth\u00e9tique. Vous pouvez ainsi personnaliser la configuration mais aussi laisser libre cours \u00e0 votre cr\u00e9ativit\u00e9 pour que ce meuble refl\u00e8te votre style personnel.<\/p>\n\n\n\n<div style=\"height:31px\" aria-hidden=\"true\" class=\"wp-block-spacer\"><\/div>\n","protected":false},"excerpt":{"rendered":"<p>Une \u00e9tag\u00e8re moderne apporte esth\u00e9tisme et fonctionnalit\u00e9 aux int\u00e9rieurs contemporains, et transforme votre espace avec style et polyvalence.<\/p>\n","protected":false},"author":35,"featured_media":30117,"comment_status":"closed","ping_status":"open","sticky":false,"template":"","format":"standard","meta":{"ub_ctt_via":"","_editorskit_title_hidden":false,"_editorskit_reading_time":0,"_editorskit_is_block_options_detached":false,"_editorskit_block_options_position":"{}","_eb_attr":"","_lmt_disableupdate":"yes","_lmt_disable":"","footnotes":""},"categories":[1407],"tags":[1384,1386],"featured_image_src":"https:\/\/fr.mycs.com\/blog\/wp-content\/uploads\/2023\/05\/weisses-buchregale_UHD-1.jpg","author_info":{"name":"La r\u00e9daction MYCS","url":"https:\/\/de.mycs.com\/blog\/author\/redac\/"},"featured_image_urls":{"full":["https:\/\/fr.mycs.com\/blog\/wp-content\/uploads\/2023\/05\/weisses-buchregale_UHD-1.jpg",1678,944,false],"thumbnail":["https:\/\/fr.mycs.com\/blog\/wp-content\/uploads\/2023\/05\/weisses-buchregale_UHD-1-80x80.jpg",80,80,true],"medium":["https:\/\/fr.mycs.com\/blog\/wp-content\/uploads\/2023\/05\/weisses-buchregale_UHD-1-260x146.jpg",260,146,true],"medium_large":["https:\/\/fr.mycs.com\/blog\/wp-content\/uploads\/2023\/05\/weisses-buchregale_UHD-1-768x432.jpg",768,432,true],"large":["https:\/\/fr.mycs.com\/blog\/wp-content\/uploads\/2023\/05\/weisses-buchregale_UHD-1-608x342.jpg",608,342,true],"1536x1536":["https:\/\/fr.mycs.com\/blog\/wp-content\/uploads\/2023\/05\/weisses-buchregale_UHD-1-1536x864.jpg",1536,864,true],"2048x2048":["https:\/\/fr.mycs.com\/blog\/wp-content\/uploads\/2023\/05\/weisses-buchregale_UHD-1.jpg",1678,944,false],"post-thumbnail":["https:\/\/fr.mycs.com\/blog\/wp-content\/uploads\/2023\/05\/weisses-buchregale_UHD-1-1080x450.jpg",1080,450,true],"slider-image":["https:\/\/fr.mycs.com\/blog\/wp-content\/uploads\/2023\/05\/weisses-buchregale_UHD-1-1080x500.jpg",1080,500,true],"brnhmbx-metz-slider-thumbnail-image":["https:\/\/fr.mycs.com\/blog\/wp-content\/uploads\/2023\/05\/weisses-buchregale_UHD-1-150x100.jpg",150,100,true],"related-thumbnail":["https:\/\/fr.mycs.com\/blog\/wp-content\/uploads\/2023\/05\/weisses-buchregale_UHD-1-600x400.jpg",600,400,true],"page-navigation-thumbnail":["https:\/\/fr.mycs.com\/blog\/wp-content\/uploads\/2023\/05\/weisses-buchregale_UHD-1-80x80.jpg",80,80,true],"home-thumbnail":["https:\/\/fr.mycs.com\/blog\/wp-content\/uploads\/2023\/05\/weisses-buchregale_UHD-1-720x310.jpg",720,310,true]},"post_excerpt_stackable":"<p>Une \u00e9tag\u00e8re moderne apporte esth\u00e9tisme et fonctionnalit\u00e9 aux int\u00e9rieurs contemporains, et transforme votre espace avec style et polyvalence.<\/p>\n","category_list":"<a href=\"https:\/\/fr.mycs.com\/blog\/inspiration\/\" rel=\"category tag\">Inspiration<\/a>","comments_num":"0 comments","modified_by":"Emilyne Van der Beken","_links":{"self":[{"href":"https:\/\/fr.mycs.com\/blog\/wp-json\/wp\/v2\/posts\/30116"}],"collection":[{"href":"https:\/\/fr.mycs.com\/blog\/wp-json\/wp\/v2\/posts"}],"about":[{"href":"https:\/\/fr.mycs.com\/blog\/wp-json\/wp\/v2\/types\/post"}],"author":[{"embeddable":true,"href":"https:\/\/fr.mycs.com\/blog\/wp-json\/wp\/v2\/users\/35"}],"replies":[{"embeddable":true,"href":"https:\/\/fr.mycs.com\/blog\/wp-json\/wp\/v2\/comments?post=30116"}],"version-history":[{"count":9,"href":"https:\/\/fr.mycs.com\/blog\/wp-json\/wp\/v2\/posts\/30116\/revisions"}],"predecessor-version":[{"id":30207,"href":"https:\/\/fr.mycs.com\/blog\/wp-json\/wp\/v2\/posts\/30116\/revisions\/30207"}],"wp:featuredmedia":[{"embeddable":true,"href":"https:\/\/fr.mycs.com\/blog\/wp-json\/wp\/v2\/media\/30117"}],"wp:attachment":[{"href":"https:\/\/fr.mycs.com\/blog\/wp-json\/wp\/v2\/media?parent=30116"}],"wp:term":[{"taxonomy":"category","embeddable":true,"href":"https:\/\/fr.mycs.com\/blog\/wp-json\/wp\/v2\/categories?post=30116"},{"taxonomy":"post_tag","embeddable":true,"href":"https:\/\/fr.mycs.com\/blog\/wp-json\/wp\/v2\/tags?post=30116"}],"curies":[{"name":"wp","href":"https:\/\/api.w.org\/{rel}","templated":true}]}}